{"id":2256,"date":"2019-02-01T17:45:00","date_gmt":"2019-02-01T17:45:00","guid":{"rendered":"https:\/\/civilresilience.net\/?p=2256"},"modified":"2026-02-24T11:29:46","modified_gmt":"2026-02-24T10:29:46","slug":"kreative-kompetenz","status":"publish","type":"post","link":"https:\/\/civilresilience.net\/de\/kreative-kompetenz\/","title":{"rendered":"Kreative Kompetenz"},"content":{"rendered":"\n<p>Im Alltag leben wir gut eingerichtet in unseren Blasen. Doch hin und wieder geraten die W\u00e4nde dieser Blasen in Schwingung, manchmal nehmen wir St\u00f6rungen durch sie hindurch war. Einzelne Menschen und Organisationen reagieren auf solche Irritationen auf vereschiedene Weisen. Die Einen halten ihre Umwelt auf Distanz und versuchen die&nbsp; W\u00e4nde dieser Blasen mit Beton zu verst\u00e4rken, oder sie kleben einzelne Risse provisorisch zu. Andere schauen vorsichtig nach, was drau\u00dfen vorgeht. Sie \u00f6ffnen sich f\u00fcr Ver\u00e4nderungen.<\/p>\n\n\n\n<p id=\"block-8353195b-6af4-4db2-a34b-8a057089ade8\">Dieser letzte genannte Ansatz ist eine elementare Bedingung f\u00fcr Kreativit\u00e4t. Kreativit\u00e4t entsteht aus Spannung, aus dem inneren Drang altbekannte Denkweisen oder Handlungen zu hinterfragen &#8211; oder weil die Au\u00dfenwelt und motiviert dies zu tun. Sie ist die F\u00e4higkeit, die uns hilft, die Impulse und die Informationsvielfalt um uns herum wahrzunehmen und zu verarbeiten.<\/p>\n\n\n\n<p id=\"block-531f0e06-2047-435f-8636-2e851ecad3b3\">Kreativit\u00e4t kn\u00fcpft Verbindungen, um neue L\u00f6sungen \u00adf\u00fcr ein Problem zu finden, oder zu einem besseren Ver\u00adst\u00e4nd\u00adnis eines Pro\u00adblems zu gelangen.<\/p>\n\n\n\n<h2 class=\"wp-block-heading\" id=\"block-a02bb406-bc43-420b-8870-10bee0812422\">Mehr Experimente<\/h2>\n\n\n\n<p id=\"block-710377b8-e930-4829-8c20-8ec540305438\">Kreativit\u00e4t beinhaltet auch eine aktive Komponente. Das lateinische &#8218;creare&#8216; bedeutet, etwas zu erschaffen. Wer kreativ ist, besitzt die F\u00e4higkeit, seine Umgebung aktiv mitzugestalten, sich selbst hin und wieder neu zu erfinden oder mit der Welt &#8218;drau\u00dfen&#8216;, au\u00dferhalb der vertrauten Sph\u00e4re, in den Dialog zu treten.<\/p>\n\n\n\n<p>organizations&#8216; familiar structures.<\/p>\n\n\n\n<p class=\"has-black-color has-text-color has-background\" style=\"background:linear-gradient(135deg,rgb(159,148,204) 0%,rgb(225,224,238) 100%);font-size:24px\">Kreativit\u00e4t=Vision+Ideen+Gestaltung<\/p>\n\n\n\n<h2 class=\"wp-block-heading\" id=\"block-9758d53e-5a0c-48a0-a9a4-8f700a4c9b9a\">Kreative Kompetenz<\/h2>\n\n\n\n<p>Kompetenz ist die Summe von Wissen, F\u00e4higkeiten, Haltung und Werten, die in einem konkreten Kontext mobilisiert werden. Der <a rel=\"noreferrer noopener\" href=\"https:\/\/ec.europa.eu\/jrc\/en\/publication\/eur-scientific-and-technical-research-reports\/entrecomp-entrepreneurship-competence-framework\" target=\"_blank\">EntreComp-Kompetenzrahmen<\/a> der EU definiert sie als die &#8222;F\u00e4higkeit zur Entwicklung kreativer und zielgerichteter Ideen&#8220;. W\u00e4hrend oft angenommen wird, dass Kreativit\u00e4t einer intuitiven, offen erforschenden Denkweise nahestehen w\u00fcrde, legen sowohl psychologische als auch neurowissenschaftliche Forschungen nahe, dass sie nicht einem &#8222;Denkstil&#8220; zuzuordnen ist, sondern in einem Spannungsfeld zwischen  verschiedenen Arten der Wahrnehmung und Informationsverarbeitung entsteht. Im Creativity Handbook haben wir die folgende Definition vorgeschlagen:<\/p>\n\n\n\n<p class=\"has-black-color has-text-color has-background\" style=\"background:linear-gradient(135deg,rgb(159,148,204) 0%,rgb(225,224,238) 100%);font-size:24px\">Kreativit\u00e4t ist eine F\u00e4higkeitm, die uns hilft, den von unserem Gehirn gesammelten Informatonsreichtum zu verarbeiten und Verbindungen zwischen verschiedenen Informationsst\u00fccken zu kn\u00fcpfen, um eine neue L\u00f6sung f\u00fcr ein Problem zu finden oder zu einem neuen Verst\u00e4ndnis des Problems selbst zu gelangen.<\/p>\n\n\n\n<p id=\"block-555b5dc2-9694-4067-b528-89baabcf46c3\">Es sind immer Menschen, die Neues und ungewohntes Denken praktizieren, nie die als &#8218;kreative&#8216; bezeichneten Strukturen selbst. In einer zunehmend verflochtenen und vernetzten Welt ist es essenziell f\u00fcr Organisationen, die durch gesellschaftliches Engagement Wirkung anstreben oder zu Ver\u00e4nderung beitragen wollen, die Menschen in ihrem Innern zu bef\u00e4higen und zu unterst\u00fctzen, ihr kreatives Potenzial zu entfalten.<\/p>\n\n\n\n<p id=\"block-a75103fd-cedc-4c2f-8c9d-15ea710a80ca\">Die F\u00e4higkeit eines Menschen, etwas Neues zu beginnen, ist nicht das Privileg einiger Begabter oder Privilegierter. Die Vorstellung von &#8218;Kreativit\u00e4t f\u00fcr alle&#8216; ist vielmehr ein Grundelement demokratischer Resilienz. F\u00fcr die Partizipation gr\u00f6\u00dferer Bev\u00f6lkerungsteile ben\u00f6tigt eine Gesellschaft viele verschiedene R\u00e4ume, in denen Einzelne kreativ wirken.<\/p>\n\n\n\n<h2 class=\"wp-block-heading\" id=\"block-b2b4fae2-5197-4e8e-8426-8b802084fcd7\">Kreativr\u00e4ume und Fenster f\u00fcr M\u00f6glichkeiten<\/h2>\n\n\n\n<p id=\"block-f487f19c-31ff-4245-8cae-048a8e33eb19\">Kommunen, Verwaltung oder Organisationen k\u00f6nnen Kreativit\u00e4t erfolgreich f\u00f6rdern, wenn sie Schnittstellen zu den sie umgebenden (Teil-)umwelten entwickeln und sich auf Interaktion nach innen und au\u00dfen einlassen. Sie k\u00f6nnen R\u00e4ume f\u00fcr Experimente schaffen und den Menschen in diesen R\u00e4umen erm\u00f6glichen, sich als Intrapreneurs und Probleml\u00f6ser zu versuchen.<\/p>\n\n\n\n<h2 class=\"wp-block-heading\" id=\"block-ea21cc49-8d4f-4961-b92e-a35de42fdc38\">Eine Frage der Methoden<br>\ufeff<\/h2>\n\n\n\n<figure class=\"wp-block-image\" id=\"block-fd3c7491-1c7a-4b8e-afe7-4f6e6d2f9776\"><img decoding=\"async\" src=\"http:\/\/civilresilience.net\/wp-content\/uploads\/2018\/04\/Tabletenniscompetendo-700x224.png\" alt=\"Dieses Bild hat ein leeres Alt-Attribut. Der Dateiname ist Tabletenniscompetendo-700x224.png\"\/><figcaption class=\"wp-element-caption\">Dynamik kreativer Prozesse | <a href=\"http:\/\/www.competendo.net\" target=\"_blank\" rel=\"noreferrer noopener\">Competendo<\/a><\/figcaption><\/figure>\n\n\n\n<p id=\"block-60dcd24a-2fa6-4640-bd4b-1b9b946679d5\">Methoden wie Creative Prototyping, Design Thinking oder Elemente von Gamification k\u00f6nnen Sie in einem kreativen Gestaltungsprozess unterst\u00fctzen. Ihnen ist gemein, dass sie einen divergenten, die Neugierde anregenden Denkstil mit einer konvergenten Denkweise zusammenf\u00fchren, die durch stringente Wege der L\u00f6sungsfindung gepr\u00e4gt ist. Oft gehen diese Methoden Probleme experimentell an. Sie arbeiten prototypisch an m\u00f6glichen L\u00f6sungen, reflektieren diese dann aus Nutzer- und Bed\u00fcrfnissicht und gelangen im Folgenden <strong>iterativ<\/strong> zu neuen L\u00f6sungen. Ihre Arbeitsweise ist eher horizontal als hierarchisch. So k\u00f6nnen sie soziale Diversit\u00e4t und verschiedene Betrachtungsweisen auf ein Problem konstruktiv in einen kreativen Prozess einbinden. Kreative Organisationen sind Organisationen, die Vielfalt sch\u00e4tzen und mit ihr umzugehen wissen.<\/p>\n\n\n\n<p class=\"has-black-color has-text-color has-background\" style=\"background:linear-gradient(135deg,rgb(159,148,204) 0%,rgb(225,224,238) 100%);font-size:24px\"><strong>Kollektiver kreativer Prozess:<\/strong><br>Verschie\u00addene Visionen und Moti\u00advationen<br>+ diver\u00adgentes <em>und<\/em> konver\u00adgentes Denken<br>+ ein anregendes Setting<br>+ diversit\u00e4ts\u00adbewusste Begleitung<\/p>\n\n\n\n<h2 class=\"wp-block-heading\">Creativity Handbook<\/h2>\n\n\n\n<figure class=\"wp-block-image size-large is-resized\"><a href=\"https:\/\/civilresilience.net\/creativity-handbook-handbook-for-facilitators-and-teachers\/\"><img loading=\"lazy\" decoding=\"async\" width=\"700\" height=\"987\" src=\"https:\/\/civilresilience.net\/wp-content\/uploads\/2018\/04\/Creativity-book-cover-700x987.png\" alt=\"\" class=\"wp-image-285\" style=\"width:372px;height:525px\" srcset=\"https:\/\/civilresilience.net\/wp-content\/uploads\/2018\/04\/Creativity-book-cover-700x987.png 700w, https:\/\/civilresilience.net\/wp-content\/uploads\/2018\/04\/Creativity-book-cover-284x400.png 284w, https:\/\/civilresilience.net\/wp-content\/uploads\/2018\/04\/Creativity-book-cover-768x1083.png 768w, https:\/\/civilresilience.net\/wp-content\/uploads\/2018\/04\/Creativity-book-cover-800x1128.png 800w, https:\/\/civilresilience.net\/wp-content\/uploads\/2018\/04\/Creativity-book-cover.png 851w\" sizes=\"auto, (max-width: 700px) 100vw, 700px\" \/><\/a><\/figure>\n","protected":false},"excerpt":{"rendered":"<p>Im Alltag leben wir gut eingerichtet in unseren Blasen. Doch hin und wieder geraten die W\u00e4nde dieser Blasen in Schwingung, manchmal nehmen wir St\u00f6rungen durch sie hindurch war. Einzelne Menschen und Organisationen reagieren auf solche Irritationen auf vereschiedene Weisen. Die Einen halten ihre Umwelt auf Distanz und versuchen die&nbsp; W\u00e4nde dieser Blasen mit Beton zu&#8230;<\/p>\n","protected":false},"author":1,"featured_media":279,"comment_status":"closed","ping_status":"closed","sticky":false,"template":"","format":"standard","meta":{"footnotes":""},"categories":[11,34,25],"tags":[],"class_list":["post-2256","post","type-post","status-publish","format-standard","has-post-thumbnail","hentry","category-learning","category-competences","category-social-impact"],"_links":{"self":[{"href":"https:\/\/civilresilience.net\/de\/wp-json\/wp\/v2\/posts\/2256","targetHints":{"allow":["GET"]}}],"collection":[{"href":"https:\/\/civilresilience.net\/de\/wp-json\/wp\/v2\/posts"}],"about":[{"href":"https:\/\/civilresilience.net\/de\/wp-json\/wp\/v2\/types\/post"}],"author":[{"embeddable":true,"href":"https:\/\/civilresilience.net\/de\/wp-json\/wp\/v2\/users\/1"}],"replies":[{"embeddable":true,"href":"https:\/\/civilresilience.net\/de\/wp-json\/wp\/v2\/comments?post=2256"}],"version-history":[{"count":0,"href":"https:\/\/civilresilience.net\/de\/wp-json\/wp\/v2\/posts\/2256\/revisions"}],"wp:featuredmedia":[{"embeddable":true,"href":"https:\/\/civilresilience.net\/de\/wp-json\/wp\/v2\/media\/279"}],"wp:attachment":[{"href":"https:\/\/civilresilience.net\/de\/wp-json\/wp\/v2\/media?parent=2256"}],"wp:term":[{"taxonomy":"category","embeddable":true,"href":"https:\/\/civilresilience.net\/de\/wp-json\/wp\/v2\/categories?post=2256"},{"taxonomy":"post_tag","embeddable":true,"href":"https:\/\/civilresilience.net\/de\/wp-json\/wp\/v2\/tags?post=2256"}],"curies":[{"name":"wp","href":"https:\/\/api.w.org\/{rel}","templated":true}]}}