{"id":3246,"date":"2023-04-06T08:52:50","date_gmt":"2023-04-06T06:52:50","guid":{"rendered":"https:\/\/civilresilience.net\/de\/?p=3246"},"modified":"2026-02-27T21:25:55","modified_gmt":"2026-02-27T20:25:55","slug":"tagung-learning-the-digital-politische-bildung-in-der-digitalen-transformation","status":"publish","type":"post","link":"https:\/\/civilresilience.net\/en\/tagung-learning-the-digital-politische-bildung-in-der-digitalen-transformation\/","title":{"rendered":"Tagung: Learning the Digital. Politische Bildung in der digitalen Transformation"},"content":{"rendered":"\n<ul class=\"wp-block-list\">\n<li>Akademie f\u00fcr politische Bildung in Tutzing und Arbeitskreis deutscher Bildungsst\u00e4tten<\/li>\n\n\n\n<li>28.04.2023 &#8211; 29.04.2023<\/li>\n\n\n\n<li>Tutzing am Starnberger See<\/li>\n<\/ul>\n\n\n\n<div class=\"wp-block-buttons is-content-justification-center is-layout-flex wp-container-core-buttons-is-layout-16018d1d wp-block-buttons-is-layout-flex\">\n<div class=\"wp-block-button is-style-outline is-style-outline--1\"><a class=\"wp-block-button__link wp-element-button\" href=\"https:\/\/adb.de\/fachtagung_learning_the_digital_tutzing\" target=\"_blank\" rel=\"noreferrer noopener\">Tagungsbericht<\/a><\/div>\n\n\n\n<div class=\"wp-block-button is-style-outline is-style-outline--2\"><a class=\"wp-block-button__link wp-element-button\" href=\"https:\/\/adb.de\/fachtagung_learning_the_digital_tutzing\" target=\"_blank\" rel=\"noreferrer noopener\">Info &#038; Anmeldung<\/a><\/div>\n<\/div>\n\n\n\n<hr class=\"wp-block-separator has-alpha-channel-opacity\"\/>\n\n\n\n<p>Politische Bildung des Digitalen muss <strong>Lernen \u00fcber die Digitalisierung<\/strong> erm\u00f6glichen, Menschen bef\u00e4higen, eine demokratische <strong>digitale Transformation mit zu beeinflussen<\/strong> und au\u00dferdem bei der Digitalisierung <strong>in der Bildung<\/strong> genauer und mit demokratiep\u00e4dagogischer Perspektive auf &#8220;Tools&#8221; und Anbieter schauen. Mit dieser Tagung wollten wir verschiedene Perspektiven f\u00fcr eine politische Bildung &#8216;des Digitalen&#8217; zusammenbringen.<\/p>\n\n\n\n<figure class=\"wp-block-gallery has-nested-images columns-2 is-cropped wp-block-gallery-3 is-layout-flex wp-block-gallery-is-layout-flex\">\n<figure class=\"wp-block-image size-large\"><img loading=\"lazy\" decoding=\"async\" width=\"700\" height=\"467\" data-id=\"3417\" src=\"https:\/\/civilresilience.net\/wp-content\/uploads\/dr-andreas-kalina-akademie-fr-politische-bildung_52867194428_o-700x467.jpg\" alt=\"\" class=\"wp-image-3417\" srcset=\"https:\/\/civilresilience.net\/wp-content\/uploads\/dr-andreas-kalina-akademie-fr-politische-bildung_52867194428_o-700x467.jpg 700w, https:\/\/civilresilience.net\/wp-content\/uploads\/dr-andreas-kalina-akademie-fr-politische-bildung_52867194428_o-400x267.jpg 400w, https:\/\/civilresilience.net\/wp-content\/uploads\/dr-andreas-kalina-akademie-fr-politische-bildung_52867194428_o-768x512.jpg 768w, https:\/\/civilresilience.net\/wp-content\/uploads\/dr-andreas-kalina-akademie-fr-politische-bildung_52867194428_o-800x533.jpg 800w, https:\/\/civilresilience.net\/wp-content\/uploads\/dr-andreas-kalina-akademie-fr-politische-bildung_52867194428_o-1536x1024.jpg 1536w, https:\/\/civilresilience.net\/wp-content\/uploads\/dr-andreas-kalina-akademie-fr-politische-bildung_52867194428_o-2048x1365.jpg 2048w\" sizes=\"auto, (max-width: 700px) 100vw, 700px\" \/><\/figure>\n\n\n\n<figure class=\"wp-block-image size-large\"><img loading=\"lazy\" decoding=\"async\" width=\"2560\" height=\"1706\" data-id=\"3420\" src=\"https:\/\/civilresilience.net\/wp-content\/uploads\/georg-pirker-adb-l-prof-dr-mandy-schiefner-rohs-rheinland-pflzische-technische-universitt-kaiserslautern-landau_52867141860_o-scaled.jpg\" alt=\"\" class=\"wp-image-3420\" srcset=\"https:\/\/civilresilience.net\/wp-content\/uploads\/georg-pirker-adb-l-prof-dr-mandy-schiefner-rohs-rheinland-pflzische-technische-universitt-kaiserslautern-landau_52867141860_o-scaled.jpg 2560w, https:\/\/civilresilience.net\/wp-content\/uploads\/georg-pirker-adb-l-prof-dr-mandy-schiefner-rohs-rheinland-pflzische-technische-universitt-kaiserslautern-landau_52867141860_o-400x267.jpg 400w, https:\/\/civilresilience.net\/wp-content\/uploads\/georg-pirker-adb-l-prof-dr-mandy-schiefner-rohs-rheinland-pflzische-technische-universitt-kaiserslautern-landau_52867141860_o-768x512.jpg 768w, https:\/\/civilresilience.net\/wp-content\/uploads\/georg-pirker-adb-l-prof-dr-mandy-schiefner-rohs-rheinland-pflzische-technische-universitt-kaiserslautern-landau_52867141860_o-700x467.jpg 700w, https:\/\/civilresilience.net\/wp-content\/uploads\/georg-pirker-adb-l-prof-dr-mandy-schiefner-rohs-rheinland-pflzische-technische-universitt-kaiserslautern-landau_52867141860_o-1536x1024.jpg 1536w, https:\/\/civilresilience.net\/wp-content\/uploads\/georg-pirker-adb-l-prof-dr-mandy-schiefner-rohs-rheinland-pflzische-technische-universitt-kaiserslautern-landau_52867141860_o-2048x1365.jpg 2048w, https:\/\/civilresilience.net\/wp-content\/uploads\/georg-pirker-adb-l-prof-dr-mandy-schiefner-rohs-rheinland-pflzische-technische-universitt-kaiserslautern-landau_52867141860_o-800x533.jpg 800w\" sizes=\"auto, (max-width: 2560px) 100vw, 2560px\" \/><\/figure>\n\n\n\n<figure class=\"wp-block-image size-large\"><img loading=\"lazy\" decoding=\"async\" width=\"700\" height=\"467\" data-id=\"3419\" src=\"https:\/\/civilresilience.net\/wp-content\/uploads\/nadine-hamacher-karl-arnold-stiftung-ev-matthias-fack-bayerischer-jugendring_52867142050_o-700x467.jpg\" alt=\"\" class=\"wp-image-3419\" srcset=\"https:\/\/civilresilience.net\/wp-content\/uploads\/nadine-hamacher-karl-arnold-stiftung-ev-matthias-fack-bayerischer-jugendring_52867142050_o-700x467.jpg 700w, https:\/\/civilresilience.net\/wp-content\/uploads\/nadine-hamacher-karl-arnold-stiftung-ev-matthias-fack-bayerischer-jugendring_52867142050_o-400x267.jpg 400w, https:\/\/civilresilience.net\/wp-content\/uploads\/nadine-hamacher-karl-arnold-stiftung-ev-matthias-fack-bayerischer-jugendring_52867142050_o-768x512.jpg 768w, https:\/\/civilresilience.net\/wp-content\/uploads\/nadine-hamacher-karl-arnold-stiftung-ev-matthias-fack-bayerischer-jugendring_52867142050_o-2048x1366.jpg 2048w, https:\/\/civilresilience.net\/wp-content\/uploads\/nadine-hamacher-karl-arnold-stiftung-ev-matthias-fack-bayerischer-jugendring_52867142050_o-1536x1024.jpg 1536w, https:\/\/civilresilience.net\/wp-content\/uploads\/nadine-hamacher-karl-arnold-stiftung-ev-matthias-fack-bayerischer-jugendring_52867142050_o-800x533.jpg 800w\" sizes=\"auto, (max-width: 700px) 100vw, 700px\" \/><\/figure>\n\n\n\n<figure class=\"wp-block-image size-large\"><img loading=\"lazy\" decoding=\"async\" width=\"2560\" height=\"1707\" data-id=\"3418\" src=\"https:\/\/civilresilience.net\/wp-content\/uploads\/nez-bagdadi-vladova-52866916044_d3e9144ce4_o-scaled.jpg\" alt=\"\" class=\"wp-image-3418\" srcset=\"https:\/\/civilresilience.net\/wp-content\/uploads\/nez-bagdadi-vladova-52866916044_d3e9144ce4_o-scaled.jpg 2560w, https:\/\/civilresilience.net\/wp-content\/uploads\/nez-bagdadi-vladova-52866916044_d3e9144ce4_o-400x267.jpg 400w, https:\/\/civilresilience.net\/wp-content\/uploads\/nez-bagdadi-vladova-52866916044_d3e9144ce4_o-768x512.jpg 768w, https:\/\/civilresilience.net\/wp-content\/uploads\/nez-bagdadi-vladova-52866916044_d3e9144ce4_o-800x533.jpg 800w, https:\/\/civilresilience.net\/wp-content\/uploads\/nez-bagdadi-vladova-52866916044_d3e9144ce4_o-700x467.jpg 700w, https:\/\/civilresilience.net\/wp-content\/uploads\/nez-bagdadi-vladova-52866916044_d3e9144ce4_o-1536x1024.jpg 1536w, https:\/\/civilresilience.net\/wp-content\/uploads\/nez-bagdadi-vladova-52866916044_d3e9144ce4_o-2048x1366.jpg 2048w\" sizes=\"auto, (max-width: 2560px) 100vw, 2560px\" \/><\/figure>\n\n\n\n<figure class=\"wp-block-image size-large\"><img loading=\"lazy\" decoding=\"async\" width=\"700\" height=\"467\" data-id=\"3422\" src=\"https:\/\/civilresilience.net\/wp-content\/uploads\/nils-eyk-zimmermann-adb-dare-democracy-and-human-rights-education-in-europe_52866916174_o-700x467.jpg\" alt=\"\" class=\"wp-image-3422\" srcset=\"https:\/\/civilresilience.net\/wp-content\/uploads\/nils-eyk-zimmermann-adb-dare-democracy-and-human-rights-education-in-europe_52866916174_o-700x467.jpg 700w, https:\/\/civilresilience.net\/wp-content\/uploads\/nils-eyk-zimmermann-adb-dare-democracy-and-human-rights-education-in-europe_52866916174_o-400x267.jpg 400w, https:\/\/civilresilience.net\/wp-content\/uploads\/nils-eyk-zimmermann-adb-dare-democracy-and-human-rights-education-in-europe_52866916174_o-768x512.jpg 768w, https:\/\/civilresilience.net\/wp-content\/uploads\/nils-eyk-zimmermann-adb-dare-democracy-and-human-rights-education-in-europe_52866916174_o-1536x1024.jpg 1536w, https:\/\/civilresilience.net\/wp-content\/uploads\/nils-eyk-zimmermann-adb-dare-democracy-and-human-rights-education-in-europe_52866916174_o-2048x1365.jpg 2048w, https:\/\/civilresilience.net\/wp-content\/uploads\/nils-eyk-zimmermann-adb-dare-democracy-and-human-rights-education-in-europe_52866916174_o-800x533.jpg 800w\" sizes=\"auto, (max-width: 700px) 100vw, 700px\" \/><\/figure>\n\n\n\n<figure class=\"wp-block-image size-large\"><img loading=\"lazy\" decoding=\"async\" width=\"2560\" height=\"1707\" data-id=\"3421\" src=\"https:\/\/civilresilience.net\/wp-content\/uploads\/schiefner-roos-oberle-52866916064_15c21dc2ed_o-scaled.jpg\" alt=\"\" class=\"wp-image-3421\" srcset=\"https:\/\/civilresilience.net\/wp-content\/uploads\/schiefner-roos-oberle-52866916064_15c21dc2ed_o-scaled.jpg 2560w, https:\/\/civilresilience.net\/wp-content\/uploads\/schiefner-roos-oberle-52866916064_15c21dc2ed_o-400x267.jpg 400w, https:\/\/civilresilience.net\/wp-content\/uploads\/schiefner-roos-oberle-52866916064_15c21dc2ed_o-1536x1024.jpg 1536w, https:\/\/civilresilience.net\/wp-content\/uploads\/schiefner-roos-oberle-52866916064_15c21dc2ed_o-2048x1365.jpg 2048w, https:\/\/civilresilience.net\/wp-content\/uploads\/schiefner-roos-oberle-52866916064_15c21dc2ed_o-800x533.jpg 800w, https:\/\/civilresilience.net\/wp-content\/uploads\/schiefner-roos-oberle-52866916064_15c21dc2ed_o-768x512.jpg 768w, https:\/\/civilresilience.net\/wp-content\/uploads\/schiefner-roos-oberle-52866916064_15c21dc2ed_o-700x467.jpg 700w\" sizes=\"auto, (max-width: 2560px) 100vw, 2560px\" \/><\/figure>\n\n\n\n<figure class=\"wp-block-image size-large\"><img loading=\"lazy\" decoding=\"async\" width=\"700\" height=\"467\" data-id=\"3425\" src=\"https:\/\/civilresilience.net\/wp-content\/uploads\/dr-saniye-al-baghdadi-deutsches-institut-fr-erwachsenenbildung-leibniz-zentrum-fr-lebenslanges-lernen-ev_52867141960_o-700x467.jpg\" alt=\"\" class=\"wp-image-3425\" srcset=\"https:\/\/civilresilience.net\/wp-content\/uploads\/dr-saniye-al-baghdadi-deutsches-institut-fr-erwachsenenbildung-leibniz-zentrum-fr-lebenslanges-lernen-ev_52867141960_o-700x467.jpg 700w, https:\/\/civilresilience.net\/wp-content\/uploads\/dr-saniye-al-baghdadi-deutsches-institut-fr-erwachsenenbildung-leibniz-zentrum-fr-lebenslanges-lernen-ev_52867141960_o-400x267.jpg 400w, https:\/\/civilresilience.net\/wp-content\/uploads\/dr-saniye-al-baghdadi-deutsches-institut-fr-erwachsenenbildung-leibniz-zentrum-fr-lebenslanges-lernen-ev_52867141960_o-768x512.jpg 768w, https:\/\/civilresilience.net\/wp-content\/uploads\/dr-saniye-al-baghdadi-deutsches-institut-fr-erwachsenenbildung-leibniz-zentrum-fr-lebenslanges-lernen-ev_52867141960_o-1536x1025.jpg 1536w, https:\/\/civilresilience.net\/wp-content\/uploads\/dr-saniye-al-baghdadi-deutsches-institut-fr-erwachsenenbildung-leibniz-zentrum-fr-lebenslanges-lernen-ev_52867141960_o-800x534.jpg 800w, https:\/\/civilresilience.net\/wp-content\/uploads\/dr-saniye-al-baghdadi-deutsches-institut-fr-erwachsenenbildung-leibniz-zentrum-fr-lebenslanges-lernen-ev_52867141960_o-2048x1366.jpg 2048w\" sizes=\"auto, (max-width: 700px) 100vw, 700px\" \/><\/figure>\n\n\n\n<figure class=\"wp-block-image size-large\"><img loading=\"lazy\" decoding=\"async\" width=\"700\" height=\"467\" data-id=\"3423\" src=\"https:\/\/civilresilience.net\/wp-content\/uploads\/gruebel-et-al-52867142085_2d1848e24e_o-700x467.jpg\" alt=\"\" class=\"wp-image-3423\" srcset=\"https:\/\/civilresilience.net\/wp-content\/uploads\/gruebel-et-al-52867142085_2d1848e24e_o-700x467.jpg 700w, https:\/\/civilresilience.net\/wp-content\/uploads\/gruebel-et-al-52867142085_2d1848e24e_o-400x267.jpg 400w, https:\/\/civilresilience.net\/wp-content\/uploads\/gruebel-et-al-52867142085_2d1848e24e_o-768x512.jpg 768w, https:\/\/civilresilience.net\/wp-content\/uploads\/gruebel-et-al-52867142085_2d1848e24e_o-1536x1024.jpg 1536w, https:\/\/civilresilience.net\/wp-content\/uploads\/gruebel-et-al-52867142085_2d1848e24e_o-800x533.jpg 800w, https:\/\/civilresilience.net\/wp-content\/uploads\/gruebel-et-al-52867142085_2d1848e24e_o-2048x1365.jpg 2048w\" sizes=\"auto, (max-width: 700px) 100vw, 700px\" \/><\/figure>\n<\/figure>\n\n\n\n<p><em>Fotos: Akademie f\u00fcr politische Bildung Tutzing<\/em><\/p>\n\n\n\n<p>Konkrete Technologien dr\u00e4ngen auch in die Erwachsenenbildung (Bildungsplattform, Learning Analytics, Micro-credentials, Text-KIs..), Plattformisierung als gro\u00dfer Trend schreitet in allen Lebensbereichen fort und aktuell werden wichtige Strukturentscheidungen getroffen, die uns in den n\u00e4chsten Jahrzehnten binden. <\/p>\n\n\n\n<p>Welche Art von KI und anderen Spielarten der Digitalisierung wollen wir in Bildung und in Bildungsprozessen? Welche Art Daten wollen wir nutzen? Welche Plattformen finden wir gut, welche m\u00fcssen eher schnell ersetzt werden  &#8211; durch was? Welche politischen Entscheidungen sind dabei besonders f\u00fcr die Erwachsenenbildung relevant? Wir konnten f\u00fcr die Tagung Referent*innen finden, die genau dar\u00fcber mit uns ins Gespr\u00e4ch kommen werden. <\/p>\n\n\n\n<figure class=\"wp-block-pullquote has-medium-font-size\"><blockquote><p>0% Neuland-Rhetorik<br><\/p><cite>Bundeskompetenzzentrum Digitalrhetorik<\/cite><\/blockquote><\/figure>\n","protected":false},"excerpt":{"rendered":"<p>Politische Bildung des Digitalen muss Lernen \u00fcber die Digitalisierung erm\u00f6glichen, Menschen bef\u00e4higen, eine demokratische digitale Transformation mit zu beeinflussen und au\u00dferdem bei der Digitalisierung in der Bildung genauer und mit demokratiep\u00e4dagogischer Perspektive auf &#8220;Tools&#8221; und Anbieter schauen. Mit dieser Tagung wollten wir verschiedene Perspektiven f\u00fcr eine politische Bildung &#8216;des Digitalen&#8217; zusammenbringen. Fotos: Akademie f\u00fcr politische&#8230;<\/p>\n","protected":false},"author":1,"featured_media":3418,"comment_status":"closed","ping_status":"closed","sticky":false,"template":"","format":"standard","meta":{"footnotes":""},"categories":[11,7,24],"tags":[],"class_list":["post-3246","post","type-post","status-publish","format-standard","has-post-thumbnail","hentry","category-learning","category-digitale-transformation","category-insta"],"_links":{"self":[{"href":"https:\/\/civilresilience.net\/en\/wp-json\/wp\/v2\/posts\/3246","targetHints":{"allow":["GET"]}}],"collection":[{"href":"https:\/\/civilresilience.net\/en\/wp-json\/wp\/v2\/posts"}],"about":[{"href":"https:\/\/civilresilience.net\/en\/wp-json\/wp\/v2\/types\/post"}],"author":[{"embeddable":true,"href":"https:\/\/civilresilience.net\/en\/wp-json\/wp\/v2\/users\/1"}],"replies":[{"embeddable":true,"href":"https:\/\/civilresilience.net\/en\/wp-json\/wp\/v2\/comments?post=3246"}],"version-history":[{"count":0,"href":"https:\/\/civilresilience.net\/en\/wp-json\/wp\/v2\/posts\/3246\/revisions"}],"wp:featuredmedia":[{"embeddable":true,"href":"https:\/\/civilresilience.net\/en\/wp-json\/wp\/v2\/media\/3418"}],"wp:attachment":[{"href":"https:\/\/civilresilience.net\/en\/wp-json\/wp\/v2\/media?parent=3246"}],"wp:term":[{"taxonomy":"category","embeddable":true,"href":"https:\/\/civilresilience.net\/en\/wp-json\/wp\/v2\/categories?post=3246"},{"taxonomy":"post_tag","embeddable":true,"href":"https:\/\/civilresilience.net\/en\/wp-json\/wp\/v2\/tags?post=3246"}],"curies":[{"name":"wp","href":"https:\/\/api.w.org\/{rel}","templated":true}]}}