{"id":4925,"date":"2026-03-08T11:42:12","date_gmt":"2026-03-08T10:42:12","guid":{"rendered":"https:\/\/civilresilience.net\/de\/?p=4925"},"modified":"2026-03-01T20:18:48","modified_gmt":"2026-03-01T19:18:48","slug":"handbuch-mehr-als-mit-dem-strom-schwimmen","status":"publish","type":"post","link":"https:\/\/civilresilience.net\/en\/handbuch-mehr-als-mit-dem-strom-schwimmen\/","title":{"rendered":"Handbuch: Mehr als mit dem Strom schwimmen"},"content":{"rendered":"\n<p><strong>Impulse f\u00fcr eine politische(re) digitale Bildung. Ein Competendo Handbuch f\u00fcr politische Bildner:innen.<\/strong><\/p>\n\n\n\n<p class=\"has-drop-cap\">Politische Bildung bef\u00e4higt Lernende, sich an demokratischen Entscheidungsprozessen zu beteiligen und diese mitzugestalten, die Kompetenz zu entwickeln, kritisch \u00fcber Politik nachzudenken, und selbst zur demokratischen Kultur beizutragen. Deshalb soll eine solche P\u00e4dagogik sowohl die (analytische) F\u00e4higkeit zum Denken und Urteilen, als auch die (auch praktischen) Fertigkeiten sowie Einstellungen ansprechen, die f\u00fcr die Beteiligung als aktive und m\u00fcndige B\u00fcrger:innen erforderlich sind.<\/p>\n\n\n<div class=\"wp-block-image\">\n<figure class=\"alignright size-large is-resized\"><a href=\"https:\/\/competendo.net\/en\/Mehr_als_mit_dem_Strom_schwimmen\" target=\"_blank\" rel=\" noreferrer noopener\"><img loading=\"lazy\" decoding=\"async\" width=\"700\" height=\"997\" src=\"https:\/\/civilresilience.net\/wp-content\/uploads\/Mehr-als-mitschwimmen-cover-700x997.png\" alt=\"\" class=\"wp-image-4928\" style=\"width:344px;height:auto\" srcset=\"https:\/\/civilresilience.net\/wp-content\/uploads\/Mehr-als-mitschwimmen-cover-700x997.png 700w, https:\/\/civilresilience.net\/wp-content\/uploads\/Mehr-als-mitschwimmen-cover-281x400.png 281w, https:\/\/civilresilience.net\/wp-content\/uploads\/Mehr-als-mitschwimmen-cover-768x1094.png 768w, https:\/\/civilresilience.net\/wp-content\/uploads\/Mehr-als-mitschwimmen-cover.png 782w\" sizes=\"auto, (max-width: 700px) 100vw, 700px\" \/><\/a><\/figure>\n<\/div>\n\n\n<p>Die Entwicklungen in der Gesellschaft fordern die digitale Bildung und die Medienp\u00e4dagogik heraus. Denn es liegt auf der Hand, dass sich eine Bildung, die sich auf \u201adas Politische\u2018 konzentriert, nicht mit einem Diskurs \u00fcber Digitalisierung zufrieden geben kann, der die sozialen, politischen, wirtschaftlichen und kulturellen Auswirkungen der Digitalpolitik und der digitalen Entwicklung weitgehend ignoriert. In den letzten Jahren ist das Bewusstsein daf\u00fcr gewachsen, wie politisch Plattformisierung, KI, strukturelle Entscheidungen im Informations-\u00d6kosystem und den Wettbewerb im digitalen Markt betreffende Entscheidungen sind.<\/p>\n\n\n\n<p>Bildung muss hier entschlossen handeln. Sie muss die Lernenden <strong>als B\u00fcrger:innen ernst nehmen<\/strong> und sie auch so ansprechen, statt sie nur als Konsument:innen oder sogenannte \u201eUser:innen\u201d zu adressieren.  <\/p>\n\n\n\n<p>Das ist auch die Idee hinter dem Titel \u201eMehr als nur mit dem Strom schwimmen\u201c. Wenn ich immer mitschwimme, werde ich irgendwann nicht mehr wissen, was es bedeutet, gegen den Strom zu schwimmen. Vielleicht m\u00f6chte ich auch mehr \u00fcber Wasser und das \u00d6kosystem lernen oder mit Formen des Zusammenlebens, Aquarien und Schwimmtechniken experimentieren, die traditionell nicht vorgesehen sind.<\/p>\n\n\n\n<p>Wir m\u00f6chten die Leser:innen daher einladen, die Digitalisierung und die Leitlinien und Modelle zur St\u00e4rkung digitaler Kompetenzen, auf die sie sto\u00dfen, aus einer <strong>politischen Perspektive<\/strong> zu betrachten. Wir sind fest davon \u00fcberzeugt, dass junge Menschen die M\u00f6glichkeit erhalten sollten, grundlegend \u00fcber die Digitalisierung nachzudenken zu k\u00f6nnen, zu lernen, wie das alles in den Maschinenr\u00e4umen von Tracking und Analyse funktioniert, und ihre Rechte und Chancen verstehen zu lernen.<\/p>\n\n\n\n<p>Dieses Handbuch richtet sich an <strong>p\u00e4dagogisch T\u00e4tige in Jugendarbeit und au\u00dferschulischer Bildung<\/strong>, soll aber auch f\u00fcr Lehrer:innen einen Mehrwert bieten. Es hat daher sowohl theoretische als auch praktische Anliegen. Deshalb haben wir immer wieder versucht, mit konkreten Umsetzungsvorschl\u00e4gen zu inspirieren.<\/p>\n\n\n\n<h2 class=\"wp-block-heading\">Aus dem Inhalt:<\/h2>\n\n\n\n<ul class=\"wp-block-list\">\n<li>Das Gesellschaftspolitische in der Digitalisierung. F\u00fcr einen anderen Fokus auf digitale Bildung und Jugendarbeit. (Nils-Eyk Zimmermann)<\/li>\n\n\n\n<li>Identit\u00e4t. Identit\u00e4t in einer vernetzten Welt neu denken. (Elisa Rapetti)<\/li>\n\n\n\n<li>Mehr Demokratie durchsetzen! Aspekte der demokratischen Governance des \u201eDigitalen\u201d (Nils-Eyk Zimmermann)<\/li>\n\n\n\n<li>Umwelt. Digitalisierung kritisch betrachtet. (Markus Plasencia-Kanzler)<\/li>\n\n\n\n<li>Aktiv handeln. Engagement f\u00fcr eine demokratische digitale Transformation<\/li>\n<\/ul>\n\n\n\n<div class=\"wp-block-buttons is-content-justification-center is-layout-flex wp-container-core-buttons-is-layout-16018d1d wp-block-buttons-is-layout-flex\">\n<div class=\"wp-block-button is-style-outline is-style-outline--1\"><a class=\"wp-block-button__link wp-element-button\" href=\"https:\/\/competendo.net\/en\/Mehr_als_mit_dem_Strom_schwimmen\" target=\"_blank\" rel=\"noreferrer noopener\">Download (DE)<\/a><\/div>\n\n\n\n<div class=\"wp-block-button is-style-outline is-style-outline--2\"><a class=\"wp-block-button__link wp-element-button\" href=\"https:\/\/competendo.net\/en\/More_than_Go_with_the_Flow\" target=\"_blank\" rel=\"noreferrer noopener\">Download (EN)<\/a><\/div>\n<\/div>\n\n\n\n<p><\/p>\n\n\n\n<hr class=\"wp-block-separator has-alpha-channel-opacity\"\/>\n\n\n<div class=\"wp-block-image\">\n<figure class=\"alignright size-large is-resized\"><img loading=\"lazy\" decoding=\"async\" width=\"700\" height=\"997\" src=\"https:\/\/civilresilience.net\/wp-content\/uploads\/Mehr-als-mitschwimmen-cover-700x997.png\" alt=\"\" class=\"wp-image-4928\" style=\"width:150px;height:auto\" srcset=\"https:\/\/civilresilience.net\/wp-content\/uploads\/Mehr-als-mitschwimmen-cover-700x997.png 700w, https:\/\/civilresilience.net\/wp-content\/uploads\/Mehr-als-mitschwimmen-cover-281x400.png 281w, https:\/\/civilresilience.net\/wp-content\/uploads\/Mehr-als-mitschwimmen-cover-768x1094.png 768w, https:\/\/civilresilience.net\/wp-content\/uploads\/Mehr-als-mitschwimmen-cover.png 782w\" sizes=\"auto, (max-width: 700px) 100vw, 700px\" \/><\/figure>\n<\/div>\n\n\n<p class=\"has-background\" style=\"background:linear-gradient(68deg,rgb(239,239,242) 0%,rgb(254,254,255) 100%)\">Zimmermann, N.; Plasencia-Kanzler, M.; Rapetti, E.(2026). Mehr als mit dem Strom schwimmen. Impulse f\u00fcr eine politische(re) digitale Bildung. Arbeitskreis deutscher Bildungsst\u00e4tten e. V., Verein Sozialprofil, Berlin\/Graz. <a href=\"https:\/\/competendo.net\/en\/Mehr_als_mit_dem_Strom_schwimmen\" target=\"_blank\" rel=\"noreferrer noopener\">https:\/\/competendo.net\/en\/Mehr_als_mit_dem_Strom_schwimmen<\/a><\/p>\n\n\n\n<hr class=\"wp-block-separator has-alpha-channel-opacity\"\/>\n\n\n<div class=\"wp-block-image\">\n<figure class=\"alignright size-full is-resized\"><img loading=\"lazy\" decoding=\"async\" width=\"525\" height=\"284\" src=\"https:\/\/civilresilience.net\/wp-content\/uploads\/525px-DIYW-color-standard-transparent.png\" alt=\"\" class=\"wp-image-5092\" style=\"width:315px;height:auto\" srcset=\"https:\/\/civilresilience.net\/wp-content\/uploads\/525px-DIYW-color-standard-transparent.png 525w, https:\/\/civilresilience.net\/wp-content\/uploads\/525px-DIYW-color-standard-transparent-400x216.png 400w\" sizes=\"auto, (max-width: 525px) 100vw, 525px\" \/><\/figure>\n<\/div>\n\n\n<p>Entstanden im Rahmen des AdB-Projekts <a href=\"https:\/\/www.adb.de\/politische-bildung\/digital-youth-work\">DIYW-ROAD \u2013 Digital Youth Work \u2013 Rights-sensitive, Open, Accessible<\/a> von: Arbeitskreis deutscher Bildungsst\u00e4tten e. V. AdB (DE), Sozialprofil \u2013 Verein zur F\u00f6rderung individueller, institutioneller und gesellschaftlicher Entwicklung (AT), DARE \u2013 Democracy and Human Rights Education in Europe vzw. (BE), Partners Bulgaria Foundation (BG), Fundaci\u00f3n CIVES (ES), Associa\u00e7\u00e3o Dinamo (PT).<\/p>\n","protected":false},"excerpt":{"rendered":"<p>Impulse f\u00fcr eine politische(re) digitale Bildung. Ein Competendo Handbuch f\u00fcr politische Bildner:innen. Politische Bildung bef\u00e4higt Lernende, sich an demokratischen Entscheidungsprozessen zu beteiligen und diese mitzugestalten, die Kompetenz zu entwickeln, kritisch \u00fcber Politik nachzudenken, und selbst zur demokratischen Kultur beizutragen. Deshalb soll eine solche P\u00e4dagogik sowohl die (analytische) F\u00e4higkeit zum Denken und Urteilen, als auch die&#8230;<\/p>\n","protected":false},"author":1,"featured_media":4926,"comment_status":"closed","ping_status":"closed","sticky":false,"template":"","format":"standard","meta":{"footnotes":""},"categories":[11,7,9],"tags":[],"class_list":["post-4925","post","type-post","status-publish","format-standard","has-post-thumbnail","hentry","category-learning","category-digitale-transformation","category-veroeffentlichungen"],"_links":{"self":[{"href":"https:\/\/civilresilience.net\/en\/wp-json\/wp\/v2\/posts\/4925","targetHints":{"allow":["GET"]}}],"collection":[{"href":"https:\/\/civilresilience.net\/en\/wp-json\/wp\/v2\/posts"}],"about":[{"href":"https:\/\/civilresilience.net\/en\/wp-json\/wp\/v2\/types\/post"}],"author":[{"embeddable":true,"href":"https:\/\/civilresilience.net\/en\/wp-json\/wp\/v2\/users\/1"}],"replies":[{"embeddable":true,"href":"https:\/\/civilresilience.net\/en\/wp-json\/wp\/v2\/comments?post=4925"}],"version-history":[{"count":0,"href":"https:\/\/civilresilience.net\/en\/wp-json\/wp\/v2\/posts\/4925\/revisions"}],"wp:featuredmedia":[{"embeddable":true,"href":"https:\/\/civilresilience.net\/en\/wp-json\/wp\/v2\/media\/4926"}],"wp:attachment":[{"href":"https:\/\/civilresilience.net\/en\/wp-json\/wp\/v2\/media?parent=4925"}],"wp:term":[{"taxonomy":"category","embeddable":true,"href":"https:\/\/civilresilience.net\/en\/wp-json\/wp\/v2\/categories?post=4925"},{"taxonomy":"post_tag","embeddable":true,"href":"https:\/\/civilresilience.net\/en\/wp-json\/wp\/v2\/tags?post=4925"}],"curies":[{"name":"wp","href":"https:\/\/api.w.org\/{rel}","templated":true}]}}